{"id":77,"date":"2020-09-20T15:51:27","date_gmt":"2020-09-20T15:51:27","guid":{"rendered":"https:\/\/www.feuerwehr-gorxheimertal.de\/wp\/?p=77"},"modified":"2020-10-13T14:37:07","modified_gmt":"2020-10-13T14:37:07","slug":"waldbrand-an-der-landesgrenze","status":"publish","type":"post","link":"https:\/\/www.feuerwehr-gorxheimertal.de\/wp\/?p=77","title":{"rendered":"Waldbrand an der Landesgrenze"},"content":{"rendered":"\n<p>Unter der Einsatzleitung von Klaus Lemke r\u00fcckte die Feuerwehr  Gorxheimertal mit zwei Tankl\u00f6schfahrzeugen am Donnerstag zu einem  Waldbrand aus. Weitere Kr\u00e4fte blieben am Ger\u00e4tehaus in Bereitschaft.<\/p>\n\n\n\n<p>Im  Bereich der Landesgrenze zwischen Unter- und Oberflockenbach brannten  entlang des Waldwegs der Randstreifen und die B\u00f6schung. Die  Einsatzkr\u00e4fte l\u00f6schten zun\u00e4chst die Flammen. Mit Hilfe des  nachgeforderten Bauhofbaggers konnten weitere Glutnester freigelegt und  von den Einsatzkr\u00e4ften abschlie\u00dfend abgel\u00f6scht werden. Die  Brandursachenermittlung erfolgt durch die ebenfalls anwesende Polizei.<\/p>\n\n\n\n<p>(Bild wnoz)<\/p>\n","protected":false},"excerpt":{"rendered":"<p>Unter der Einsatzleitung von Klaus Lemke r\u00fcckte die Feuerwehr Gorxheimertal mit zwei Tankl\u00f6schfahrzeugen am Donnerstag zu einem Waldbrand aus. Weitere Kr\u00e4fte blieben am Ger\u00e4tehaus in Bereitschaft. Im Bereich der Landesgrenze zwischen Unter- und Oberflockenbach brannten entlang des Waldwegs der Randstreifen und die B\u00f6schung. Die Einsatzkr\u00e4fte l\u00f6schten zun\u00e4chst die Flammen. Mit Hilfe des nachgeforderten Bauhofbaggers konnten &hellip; <\/p>\n<p class=\"link-more\"><a href=\"https:\/\/www.feuerwehr-gorxheimertal.de\/wp\/?p=77\" class=\"more-link\"><span class=\"screen-reader-text\">\u201eWaldbrand an der Landesgrenze\u201c<\/span> weiterlesen<\/a><\/p>\n","protected":false},"author":1,"featured_media":78,"comment_status":"open","ping_status":"open","sticky":false,"template":"","format":"standard","meta":{"footnotes":""},"categories":[1],"tags":[],"class_list":["post-77","post","type-post","status-publish","format-standard","has-post-thumbnail","hentry","category-uncategorized"],"_links":{"self":[{"href":"https:\/\/www.feuerwehr-gorxheimertal.de\/wp\/index.php?rest_route=\/wp\/v2\/posts\/77","targetHints":{"allow":["GET"]}}],"collection":[{"href":"https:\/\/www.feuerwehr-gorxheimertal.de\/wp\/index.php?rest_route=\/wp\/v2\/posts"}],"about":[{"href":"https:\/\/www.feuerwehr-gorxheimertal.de\/wp\/index.php?rest_route=\/wp\/v2\/types\/post"}],"author":[{"embeddable":true,"href":"https:\/\/www.feuerwehr-gorxheimertal.de\/wp\/index.php?rest_route=\/wp\/v2\/users\/1"}],"replies":[{"embeddable":true,"href":"https:\/\/www.feuerwehr-gorxheimertal.de\/wp\/index.php?rest_route=%2Fwp%2Fv2%2Fcomments&post=77"}],"version-history":[{"count":3,"href":"https:\/\/www.feuerwehr-gorxheimertal.de\/wp\/index.php?rest_route=\/wp\/v2\/posts\/77\/revisions"}],"predecessor-version":[{"id":97,"href":"https:\/\/www.feuerwehr-gorxheimertal.de\/wp\/index.php?rest_route=\/wp\/v2\/posts\/77\/revisions\/97"}],"wp:featuredmedia":[{"embeddable":true,"href":"https:\/\/www.feuerwehr-gorxheimertal.de\/wp\/index.php?rest_route=\/wp\/v2\/media\/78"}],"wp:attachment":[{"href":"https:\/\/www.feuerwehr-gorxheimertal.de\/wp\/index.php?rest_route=%2Fwp%2Fv2%2Fmedia&parent=77"}],"wp:term":[{"taxonomy":"category","embeddable":true,"href":"https:\/\/www.feuerwehr-gorxheimertal.de\/wp\/index.php?rest_route=%2Fwp%2Fv2%2Fcategories&post=77"},{"taxonomy":"post_tag","embeddable":true,"href":"https:\/\/www.feuerwehr-gorxheimertal.de\/wp\/index.php?rest_route=%2Fwp%2Fv2%2Ftags&post=77"}],"curies":[{"name":"wp","href":"https:\/\/api.w.org\/{rel}","templated":true}]}}